{"id":9149,"date":"2021-03-11T14:02:47","date_gmt":"2021-03-11T13:02:47","guid":{"rendered":"https:\/\/collection-t.com\/journal\/?post_type=actualites&#038;p=9149"},"modified":"2021-04-16T16:22:49","modified_gmt":"2021-04-16T14:22:49","slug":"portrait-du-mois-fraiche-mademoiselle","status":"publish","type":"actualites","link":"https:\/\/collection-t.com\/journal\/actualites\/portrait-du-mois-fraiche-mademoiselle\/","title":{"rendered":"PORTRAIT : <br>FRA\u00ceCHE"},"content":{"rendered":"<section class=\"l-section wpb_row height_large\"><div class=\"l-section-h i-cf\"><div class=\"g-cols vc_row via_flex valign_top type_default stacking_default\"><div class=\"vc_col-sm-12 wpb_column vc_column_container\"><div class=\"vc_column-inner\"><div class=\"wpb_wrapper\"><div class=\"w-image align_center\"><div class=\"w-image-h\"><img width=\"756\" height=\"1008\" src=\"https:\/\/collection-t.com\/journal\/wp-content\/uploads\/2021\/03\/FullSizeRender-small-compressor-1.jpg\" class=\"attachment-full size-full\" alt=\"\" srcset=\"https:\/\/collection-t.com\/journal\/wp-content\/uploads\/2021\/03\/FullSizeRender-small-compressor-1.jpg 756w, https:\/\/collection-t.com\/journal\/wp-content\/uploads\/2021\/03\/FullSizeRender-small-compressor-1-225x300.jpg 225w, https:\/\/collection-t.com\/journal\/wp-content\/uploads\/2021\/03\/FullSizeRender-small-compressor-1-300x400.jpg 300w, https:\/\/collection-t.com\/journal\/wp-content\/uploads\/2021\/03\/FullSizeRender-small-compressor-1-60x80.jpg 60w, https:\/\/collection-t.com\/journal\/wp-content\/uploads\/2021\/03\/FullSizeRender-small-compressor-1-75x100.jpg 75w, https:\/\/collection-t.com\/journal\/wp-content\/uploads\/2021\/03\/FullSizeRender-small-compressor-1-90x120.jpg 90w, https:\/\/collection-t.com\/journal\/wp-content\/uploads\/2021\/03\/FullSizeRender-small-compressor-1-180x240.jpg 180w, https:\/\/collection-t.com\/journal\/wp-content\/uploads\/2021\/03\/FullSizeRender-small-compressor-1-150x200.jpg 150w, https:\/\/collection-t.com\/journal\/wp-content\/uploads\/2021\/03\/FullSizeRender-small-compressor-1-413x550.jpg 413w, https:\/\/collection-t.com\/journal\/wp-content\/uploads\/2021\/03\/FullSizeRender-small-compressor-1-450x600.jpg 450w, https:\/\/collection-t.com\/journal\/wp-content\/uploads\/2021\/03\/FullSizeRender-small-compressor-1-375x500.jpg 375w, https:\/\/collection-t.com\/journal\/wp-content\/uploads\/2021\/03\/FullSizeRender-small-compressor-1-113x150.jpg 113w\" sizes=\"(max-width: 756px) 100vw, 756px\" \/><\/div><\/div><div class=\"w-separator size_medium\"><\/div><div class=\"wpb_text_column\"><div class=\"wpb_wrapper\"><h1><strong>&#8211;\u00a0Pr\u00e9sentez-vous :<\/strong><\/h1>\n<p>Julie, petite blonde, petite trentaine, grande hyperactive \ud83d\ude09 N\u00e9e dans une famille de couturi\u00e8res, j\u2019ai grandi au milieu des tissus et au bruit des machines \u00e0 coudre. Enfant ma maman cousait tous mes v\u00eatements alors que je ne r\u00eavais que d\u2019une chose : \u00eatre habill\u00e9e comme les autres. Preuve que l\u2019enfance marque toujours d\u2019une mani\u00e8re ou d\u2019une autre, aujourd\u2019hui mon mantra est de ne jamais imiter personne ! Et ce que je souhaite int\u00e9grer comme valeur fondamentale \u00e0 ma fille, Romy. Elle n\u2019a que deux ans, mais je suis convaincue que la confiance en soi s\u2019apprend et s\u2019acquiert d\u00e8s le plus jeune \u00e2ge.<\/p>\n<h1><strong>&#8211; D&rsquo;o\u00f9 vous est venue l&rsquo;id\u00e9e de cr\u00e9er Fraiche Mademoiselle ?<\/strong><\/h1>\n<p>Justement de cette g\u00e9n\u00e9ration de femme qui ont\u00a0<strong>envie de s\u2019accomplir<\/strong>\u00a0et parce que\u00a0<strong>s\u2019aimer soi-m\u00eame<\/strong>\u00a0est la base de tout, Fra\u00eeche Mad. en a fait sa mission.\u00a0S\u2019habiller doit \u00eatre un plaisir, un moyen de se faire du bien, pour \u00eatre bien.\u00a0Fra\u00eeche Mad. a pens\u00e9 toutes ses pi\u00e8ces pour que chacune se les approprie et les porte avec bonheur selon ses humeurs.\u00a0Chaque cr\u00e9ation se mixe et s\u2019adapte pour suivre la mode\u00a0mais surtout les modes de vie de toutes les Fraiche Mad. :\u00a0<strong>libres, vives, joyeuses et fougueuses<\/strong>. Fraiche Mad. ne propose rien de convenu ni de\u00a0d\u00e9j\u00e0 vu, son seul dictat : Sois Fraiche et Aime toi. Et parce\u00a0qu\u2019il n\u2019y a pas de respect sans respect de l\u2019autre, Fraiche Mad. est\u00a0<strong>100% made in France<\/strong>. Notre atelier est situ\u00e9 au coeur de Paris et tous nos produits sont cr\u00e9\u00e9s par les mains d\u2019experts\u00a0qui font\u00a0perdurer\u00a0<strong>l\u2019h\u00e9ritage fran\u00e7ais<\/strong>.<\/p>\n<h1><strong>&#8211; Comment avez-vous connu Collection T. ?<\/strong><\/h1>\n<p>Chlo\u00e9 et moi sommes amies. En tant que jeunes femmes entrepreneuses, nous sommes convaincues que l\u2019union fait la force et l\u2019id\u00e9e d\u2019une collaboration s\u2019est install\u00e9e tr\u00e8s naturellement. Nous partageons les m\u00eames valeurs de savoir-faire et de qualit\u00e9. Sans compter que travailler avec des proches, cela d\u00e9cuple le plaisir \ud83d\ude42<\/p>\n<h1><strong>&#8211; Parlez-nous de la prochaine collaboration entre les 2 marques\u00a0<\/strong><\/h1>\n<p>Collection T. s&rsquo;associe au lancement de la premi\u00e8re collection Fraiche Mad. intitul\u00e9e\u00a0<strong>\u00ab\u00a0Soif d\u2019amour\u00a0\u00bb<\/strong>. Plus qu\u2019un titre, une \u00e9vidence.<\/p>\n<p>Pour cela, nous avons cr\u00e9\u00e9 le\u00a0<strong><em>Th\u00e9 des Demoiselles<\/em><\/strong>\u00a0dont un \u00e9chantillon sera fourni dans chaque colis Fraiche Mad. Une boite de Th\u00e9 des Demoiselles au design in\u00e9dit sera quant \u00e0 elle offerte aux meilleures clientes. Chlo\u00e9 \u00e9tait de la partie en faisant d\u00e9guster le th\u00e9 dans le pop-up store des jardins du Palais Royal le 22 avril dernier<\/p>\n<\/div><\/div><div class=\"w-separator size_medium\"><\/div><div class=\"g-cols wpb_row via_flex valign_top type_default stacking_default\"><div class=\"vc_col-sm-6 wpb_column vc_column_container\"><div class=\"vc_column-inner\"><div class=\"wpb_wrapper\"><div class=\"w-image has_ratio align_center\"><div class=\"w-image-h\"><div style=\"padding-bottom:150%\"><\/div><img width=\"960\" height=\"960\" src=\"https:\/\/collection-t.com\/journal\/wp-content\/uploads\/2021\/03\/IMG_0319.jpg\" class=\"attachment-full size-full\" alt=\"\" srcset=\"https:\/\/collection-t.com\/journal\/wp-content\/uploads\/2021\/03\/IMG_0319.jpg 960w, https:\/\/collection-t.com\/journal\/wp-content\/uploads\/2021\/03\/IMG_0319-300x300.jpg 300w, https:\/\/collection-t.com\/journal\/wp-content\/uploads\/2021\/03\/IMG_0319-150x150.jpg 150w, https:\/\/collection-t.com\/journal\/wp-content\/uploads\/2021\/03\/IMG_0319-400x400.jpg 400w, https:\/\/collection-t.com\/journal\/wp-content\/uploads\/2021\/03\/IMG_0319-80x80.jpg 80w, https:\/\/collection-t.com\/journal\/wp-content\/uploads\/2021\/03\/IMG_0319-100x100.jpg 100w, https:\/\/collection-t.com\/journal\/wp-content\/uploads\/2021\/03\/IMG_0319-120x120.jpg 120w, https:\/\/collection-t.com\/journal\/wp-content\/uploads\/2021\/03\/IMG_0319-180x180.jpg 180w, https:\/\/collection-t.com\/journal\/wp-content\/uploads\/2021\/03\/IMG_0319-550x550.jpg 550w, https:\/\/collection-t.com\/journal\/wp-content\/uploads\/2021\/03\/IMG_0319-600x600.jpg 600w, https:\/\/collection-t.com\/journal\/wp-content\/uploads\/2021\/03\/IMG_0319-500x500.jpg 500w, https:\/\/collection-t.com\/journal\/wp-content\/uploads\/2021\/03\/IMG_0319-200x200.jpg 200w\" sizes=\"(max-width: 960px) 100vw, 960px\" \/><\/div><\/div><\/div><\/div><\/div><div class=\"vc_col-sm-6 wpb_column vc_column_container\"><div class=\"vc_column-inner\"><div class=\"wpb_wrapper\"><div class=\"w-image align_center\"><div class=\"w-image-h\"><img width=\"678\" height=\"1016\" src=\"https:\/\/collection-t.com\/journal\/wp-content\/uploads\/2021\/03\/boite-2-small-compressor.png\" class=\"attachment-full size-full\" alt=\"\" srcset=\"https:\/\/collection-t.com\/journal\/wp-content\/uploads\/2021\/03\/boite-2-small-compressor.png 678w, https:\/\/collection-t.com\/journal\/wp-content\/uploads\/2021\/03\/boite-2-small-compressor-200x300.png 200w, https:\/\/collection-t.com\/journal\/wp-content\/uploads\/2021\/03\/boite-2-small-compressor-267x400.png 267w, https:\/\/collection-t.com\/journal\/wp-content\/uploads\/2021\/03\/boite-2-small-compressor-53x80.png 53w, https:\/\/collection-t.com\/journal\/wp-content\/uploads\/2021\/03\/boite-2-small-compressor-67x100.png 67w, https:\/\/collection-t.com\/journal\/wp-content\/uploads\/2021\/03\/boite-2-small-compressor-80x120.png 80w, https:\/\/collection-t.com\/journal\/wp-content\/uploads\/2021\/03\/boite-2-small-compressor-180x270.png 180w, https:\/\/collection-t.com\/journal\/wp-content\/uploads\/2021\/03\/boite-2-small-compressor-150x225.png 150w, https:\/\/collection-t.com\/journal\/wp-content\/uploads\/2021\/03\/boite-2-small-compressor-367x550.png 367w, https:\/\/collection-t.com\/journal\/wp-content\/uploads\/2021\/03\/boite-2-small-compressor-400x600.png 400w, https:\/\/collection-t.com\/journal\/wp-content\/uploads\/2021\/03\/boite-2-small-compressor-334x500.png 334w, https:\/\/collection-t.com\/journal\/wp-content\/uploads\/2021\/03\/boite-2-small-compressor-133x200.png 133w, https:\/\/collection-t.com\/journal\/wp-content\/uploads\/2021\/03\/boite-2-small-compressor-100x150.png 100w\" sizes=\"(max-width: 678px) 100vw, 678px\" \/><\/div><\/div><\/div><\/div><\/div><\/div><div class=\"w-separator size_large with_line width_default thick_1 style_solid color_border align_center\"><div class=\"w-separator-h\"><\/div><\/div><\/div><\/div><\/div><\/div><\/div><\/section>\n","protected":false},"featured_media":9150,"template":"","acf":[],"yoast_head":"<!-- This site is optimized with the Yoast SEO plugin v18.5.1 - https:\/\/yoast.com\/wordpress\/plugins\/seo\/ -->\n<title>Le portrait de la maison du th\u00e9 : Julie - Collection T.<\/title>\n<meta name=\"description\" content=\"Portrait : Julie, petite blonde, petite trentaine, grande hyperactive. J\u2019ai grandi au milieu des tissus et au bruit des machines \u00e0 coudre.\" \/>\n<meta name=\"robots\" content=\"index, follow, max-snippet:-1, max-image-preview:large, max-video-preview:-1\" \/>\n<link rel=\"canonical\" href=\"https:\/\/collection-t.com\/journal\/actualites\/portrait-du-mois-fraiche-mademoiselle\/\" \/>\n<meta property=\"og:locale\" content=\"fr_FR\" \/>\n<meta property=\"og:type\" content=\"article\" \/>\n<meta property=\"og:title\" content=\"Le portrait de la maison du th\u00e9 : Julie - Collection T.\" \/>\n<meta property=\"og:description\" content=\"Portrait : Julie, petite blonde, petite trentaine, grande hyperactive. J\u2019ai grandi au milieu des tissus et au bruit des machines \u00e0 coudre.\" \/>\n<meta property=\"og:url\" content=\"https:\/\/collection-t.com\/journal\/actualites\/portrait-du-mois-fraiche-mademoiselle\/\" \/>\n<meta property=\"og:site_name\" content=\"Collection T - Le journal\" \/>\n<meta property=\"article:modified_time\" content=\"2021-04-16T14:22:49+00:00\" \/>\n<meta property=\"og:image\" content=\"https:\/\/collection-t.com\/journal\/wp-content\/uploads\/2021\/03\/FullSizeRender-small-compressor.jpg\" \/>\n\t<meta property=\"og:image:width\" content=\"756\" \/>\n\t<meta property=\"og:image:height\" content=\"1008\" \/>\n\t<meta property=\"og:image:type\" content=\"image\/jpeg\" \/>\n<meta name=\"twitter:card\" content=\"summary_large_image\" \/>\n<meta name=\"twitter:label1\" content=\"Dur\u00e9e de lecture estim\u00e9e\" \/>\n\t<meta name=\"twitter:data1\" content=\"2 minutes\" \/>\n<script type=\"application\/ld+json\" class=\"yoast-schema-graph\">{\"@context\":\"https:\/\/schema.org\",\"@graph\":[{\"@type\":\"Organization\",\"@id\":\"https:\/\/collection-t.com\/journal\/#organization\",\"name\":\"Collection T\",\"url\":\"https:\/\/collection-t.com\/journal\/\",\"sameAs\":[],\"logo\":{\"@type\":\"ImageObject\",\"@id\":\"https:\/\/collection-t.com\/journal\/#logo\",\"inLanguage\":\"fr-FR\",\"url\":\"https:\/\/collection-t.com\/journal\/wp-content\/uploads\/2021\/02\/logo.png\",\"contentUrl\":\"https:\/\/collection-t.com\/journal\/wp-content\/uploads\/2021\/02\/logo.png\",\"width\":650,\"height\":632,\"caption\":\"Collection T\"},\"image\":{\"@id\":\"https:\/\/collection-t.com\/journal\/#logo\"}},{\"@type\":\"WebSite\",\"@id\":\"https:\/\/collection-t.com\/journal\/#website\",\"url\":\"https:\/\/collection-t.com\/journal\/\",\"name\":\"Collection T - Le journal\",\"description\":\"\",\"publisher\":{\"@id\":\"https:\/\/collection-t.com\/journal\/#organization\"},\"potentialAction\":[{\"@type\":\"SearchAction\",\"target\":{\"@type\":\"EntryPoint\",\"urlTemplate\":\"https:\/\/collection-t.com\/journal\/?s={search_term_string}\"},\"query-input\":\"required name=search_term_string\"}],\"inLanguage\":\"fr-FR\"},{\"@type\":\"ImageObject\",\"@id\":\"https:\/\/collection-t.com\/journal\/actualites\/portrait-du-mois-fraiche-mademoiselle\/#primaryimage\",\"inLanguage\":\"fr-FR\",\"url\":\"https:\/\/collection-t.com\/journal\/wp-content\/uploads\/2021\/03\/FullSizeRender-small-compressor.jpg\",\"contentUrl\":\"https:\/\/collection-t.com\/journal\/wp-content\/uploads\/2021\/03\/FullSizeRender-small-compressor.jpg\",\"width\":756,\"height\":1008},{\"@type\":\"WebPage\",\"@id\":\"https:\/\/collection-t.com\/journal\/actualites\/portrait-du-mois-fraiche-mademoiselle\/#webpage\",\"url\":\"https:\/\/collection-t.com\/journal\/actualites\/portrait-du-mois-fraiche-mademoiselle\/\",\"name\":\"Le portrait de la maison du th\u00e9 : Julie - Collection T.\",\"isPartOf\":{\"@id\":\"https:\/\/collection-t.com\/journal\/#website\"},\"primaryImageOfPage\":{\"@id\":\"https:\/\/collection-t.com\/journal\/actualites\/portrait-du-mois-fraiche-mademoiselle\/#primaryimage\"},\"datePublished\":\"2021-03-11T13:02:47+00:00\",\"dateModified\":\"2021-04-16T14:22:49+00:00\",\"description\":\"Portrait : Julie, petite blonde, petite trentaine, grande hyperactive. J\u2019ai grandi au milieu des tissus et au bruit des machines \u00e0 coudre.\",\"breadcrumb\":{\"@id\":\"https:\/\/collection-t.com\/journal\/actualites\/portrait-du-mois-fraiche-mademoiselle\/#breadcrumb\"},\"inLanguage\":\"fr-FR\",\"potentialAction\":[{\"@type\":\"ReadAction\",\"target\":[\"https:\/\/collection-t.com\/journal\/actualites\/portrait-du-mois-fraiche-mademoiselle\/\"]}]},{\"@type\":\"BreadcrumbList\",\"@id\":\"https:\/\/collection-t.com\/journal\/actualites\/portrait-du-mois-fraiche-mademoiselle\/#breadcrumb\",\"itemListElement\":[{\"@type\":\"ListItem\",\"position\":1,\"name\":\"Accueil\",\"item\":\"https:\/\/collection-t.com\/journal\/\"},{\"@type\":\"ListItem\",\"position\":2,\"name\":\"PORTRAIT : FRA\u00ceCHE\"}]}]}<\/script>\n<!-- \/ Yoast SEO plugin. -->","yoast_head_json":{"title":"Le portrait de la maison du th\u00e9 : Julie - Collection T.","description":"Portrait : Julie, petite blonde, petite trentaine, grande hyperactive. J\u2019ai grandi au milieu des tissus et au bruit des machines \u00e0 coudre.","robots":{"index":"index","follow":"follow","max-snippet":"max-snippet:-1","max-image-preview":"max-image-preview:large","max-video-preview":"max-video-preview:-1"},"canonical":"https:\/\/collection-t.com\/journal\/actualites\/portrait-du-mois-fraiche-mademoiselle\/","og_locale":"fr_FR","og_type":"article","og_title":"Le portrait de la maison du th\u00e9 : Julie - Collection T.","og_description":"Portrait : Julie, petite blonde, petite trentaine, grande hyperactive. J\u2019ai grandi au milieu des tissus et au bruit des machines \u00e0 coudre.","og_url":"https:\/\/collection-t.com\/journal\/actualites\/portrait-du-mois-fraiche-mademoiselle\/","og_site_name":"Collection T - Le journal","article_modified_time":"2021-04-16T14:22:49+00:00","og_image":[{"width":756,"height":1008,"url":"https:\/\/collection-t.com\/journal\/wp-content\/uploads\/2021\/03\/FullSizeRender-small-compressor.jpg","type":"image\/jpeg"}],"twitter_card":"summary_large_image","twitter_misc":{"Dur\u00e9e de lecture estim\u00e9e":"2 minutes"},"schema":{"@context":"https:\/\/schema.org","@graph":[{"@type":"Organization","@id":"https:\/\/collection-t.com\/journal\/#organization","name":"Collection T","url":"https:\/\/collection-t.com\/journal\/","sameAs":[],"logo":{"@type":"ImageObject","@id":"https:\/\/collection-t.com\/journal\/#logo","inLanguage":"fr-FR","url":"https:\/\/collection-t.com\/journal\/wp-content\/uploads\/2021\/02\/logo.png","contentUrl":"https:\/\/collection-t.com\/journal\/wp-content\/uploads\/2021\/02\/logo.png","width":650,"height":632,"caption":"Collection T"},"image":{"@id":"https:\/\/collection-t.com\/journal\/#logo"}},{"@type":"WebSite","@id":"https:\/\/collection-t.com\/journal\/#website","url":"https:\/\/collection-t.com\/journal\/","name":"Collection T - Le journal","description":"","publisher":{"@id":"https:\/\/collection-t.com\/journal\/#organization"},"potentialAction":[{"@type":"SearchAction","target":{"@type":"EntryPoint","urlTemplate":"https:\/\/collection-t.com\/journal\/?s={search_term_string}"},"query-input":"required name=search_term_string"}],"inLanguage":"fr-FR"},{"@type":"ImageObject","@id":"https:\/\/collection-t.com\/journal\/actualites\/portrait-du-mois-fraiche-mademoiselle\/#primaryimage","inLanguage":"fr-FR","url":"https:\/\/collection-t.com\/journal\/wp-content\/uploads\/2021\/03\/FullSizeRender-small-compressor.jpg","contentUrl":"https:\/\/collection-t.com\/journal\/wp-content\/uploads\/2021\/03\/FullSizeRender-small-compressor.jpg","width":756,"height":1008},{"@type":"WebPage","@id":"https:\/\/collection-t.com\/journal\/actualites\/portrait-du-mois-fraiche-mademoiselle\/#webpage","url":"https:\/\/collection-t.com\/journal\/actualites\/portrait-du-mois-fraiche-mademoiselle\/","name":"Le portrait de la maison du th\u00e9 : Julie - Collection T.","isPartOf":{"@id":"https:\/\/collection-t.com\/journal\/#website"},"primaryImageOfPage":{"@id":"https:\/\/collection-t.com\/journal\/actualites\/portrait-du-mois-fraiche-mademoiselle\/#primaryimage"},"datePublished":"2021-03-11T13:02:47+00:00","dateModified":"2021-04-16T14:22:49+00:00","description":"Portrait : Julie, petite blonde, petite trentaine, grande hyperactive. J\u2019ai grandi au milieu des tissus et au bruit des machines \u00e0 coudre.","breadcrumb":{"@id":"https:\/\/collection-t.com\/journal\/actualites\/portrait-du-mois-fraiche-mademoiselle\/#breadcrumb"},"inLanguage":"fr-FR","potentialAction":[{"@type":"ReadAction","target":["https:\/\/collection-t.com\/journal\/actualites\/portrait-du-mois-fraiche-mademoiselle\/"]}]},{"@type":"BreadcrumbList","@id":"https:\/\/collection-t.com\/journal\/actualites\/portrait-du-mois-fraiche-mademoiselle\/#breadcrumb","itemListElement":[{"@type":"ListItem","position":1,"name":"Accueil","item":"https:\/\/collection-t.com\/journal\/"},{"@type":"ListItem","position":2,"name":"PORTRAIT : FRA\u00ceCHE"}]}]}},"_links":{"self":[{"href":"https:\/\/collection-t.com\/journal\/wp-json\/wp\/v2\/actualites\/9149"}],"collection":[{"href":"https:\/\/collection-t.com\/journal\/wp-json\/wp\/v2\/actualites"}],"about":[{"href":"https:\/\/collection-t.com\/journal\/wp-json\/wp\/v2\/types\/actualites"}],"wp:featuredmedia":[{"embeddable":true,"href":"https:\/\/collection-t.com\/journal\/wp-json\/wp\/v2\/media\/9150"}],"wp:attachment":[{"href":"https:\/\/collection-t.com\/journal\/wp-json\/wp\/v2\/media?parent=9149"}],"curies":[{"name":"wp","href":"https:\/\/api.w.org\/{rel}","templated":true}]}}